{"id":17944,"date":"2026-01-31T09:27:00","date_gmt":"2026-01-31T06:27:00","guid":{"rendered":"http:\/\/yuksekgumruk.com.tr\/index.php\/2026\/01\/31\/fiyat-kalici-olacak-mi-elektriklide-basari-dusuk-vergiyle-geldi\/"},"modified":"2026-01-31T09:27:00","modified_gmt":"2026-01-31T06:27:00","slug":"fiyat-kalici-olacak-mi-elektriklide-basari-dusuk-vergiyle-geldi","status":"publish","type":"post","link":"http:\/\/yuksekgumruk.com.tr\/index.php\/2026\/01\/31\/fiyat-kalici-olacak-mi-elektriklide-basari-dusuk-vergiyle-geldi\/","title":{"rendered":"Fiyat kal\u0131c\u0131 olacak m\u0131? Elektriklide ba\u015far\u0131 d\u00fc\u015f\u00fck vergiyle geldi"},"content":{"rendered":"<p>Ember Energey&#8217;nin elektrikli otomobil sat\u0131\u015flar\u0131yla ilgili raporu, T\u00fcrkiye&#8217;nin bu alanda Avrupa d\u00f6rd\u00fcnc\u00fcs\u00fc oldu\u011funu ortaya koyarken, raporda, elektrikli otomobil sat\u0131\u015flar\u0131ndaki art\u0131\u015f\u0131n arkas\u0131ndaki as\u0131l etkenin d\u00fc\u015f\u00fck vergi d\u00fczeni oldu\u011fu vurgulan\u0131yor. Ancak bu durumun fiyatlarla ilgili k\u0131r\u0131lgan bir yap\u0131 olu\u015fturdu\u011fu belirtiliyor.<\/p>","protected":false},"excerpt":{"rendered":"<p>Ember Energey&#8217;nin elektrikli otomobil sat\u0131\u015flar\u0131yla ilgili raporu, T\u00fcrkiye&#8217;nin bu alanda Avrupa d\u00f6rd\u00fcnc\u00fcs\u00fc oldu\u011funu ortaya koyarken, raporda, elektrikli otomobil sat\u0131\u015flar\u0131ndaki art\u0131\u015f\u0131n arkas\u0131ndaki as\u0131l etkenin d\u00fc\u015f\u00fck vergi d\u00fczeni oldu\u011fu vurgulan\u0131yor. Ancak bu durumun fiyatlarla ilgili k\u0131r\u0131lgan bir yap\u0131 olu\u015fturdu\u011fu belirtiliyor.<\/p>\n","protected":false},"author":1,"featured_media":17945,"comment_status":"open","ping_status":"open","sticky":false,"template":"","format":"standard","meta":{"footnotes":""},"categories":[1],"tags":[],"class_list":["post-17944","post","type-post","status-publish","format-standard","has-post-thumbnail","hentry","category-blog"],"yoast_head":"<!-- This site is optimized with the Yoast SEO plugin v26.8 - https:\/\/yoast.com\/product\/yoast-seo-wordpress\/ -->\n<title>Fiyat kal\u0131c\u0131 olacak m\u0131? Elektriklide ba\u015far\u0131 d\u00fc\u015f\u00fck vergiyle geldi - Y&uuml;ksek G&uuml;mr&uuml;k M&uuml;\u015favirli\u011fi<\/title>\n<meta name=\"robots\" content=\"index, follow, max-snippet:-1, max-image-preview:large, max-video-preview:-1\" \/>\n<link rel=\"canonical\" href=\"http:\/\/yuksekgumruk.com.tr\/index.php\/2026\/01\/31\/fiyat-kalici-olacak-mi-elektriklide-basari-dusuk-vergiyle-geldi\/\" \/>\n<meta property=\"og:locale\" content=\"tr_TR\" \/>\n<meta property=\"og:type\" content=\"article\" \/>\n<meta property=\"og:title\" content=\"Fiyat kal\u0131c\u0131 olacak m\u0131? Elektriklide ba\u015far\u0131 d\u00fc\u015f\u00fck vergiyle geldi - Y&uuml;ksek G&uuml;mr&uuml;k M&uuml;\u015favirli\u011fi\" \/>\n<meta property=\"og:description\" content=\"Ember Energey&#8217;nin elektrikli otomobil sat\u0131\u015flar\u0131yla ilgili raporu, T\u00fcrkiye&#8217;nin bu alanda Avrupa d\u00f6rd\u00fcnc\u00fcs\u00fc oldu\u011funu ortaya koyarken, raporda, elektrikli otomobil sat\u0131\u015flar\u0131ndaki art\u0131\u015f\u0131n arkas\u0131ndaki as\u0131l etkenin d\u00fc\u015f\u00fck vergi d\u00fczeni oldu\u011fu vurgulan\u0131yor. Ancak bu durumun fiyatlarla ilgili k\u0131r\u0131lgan bir yap\u0131 olu\u015fturdu\u011fu belirtiliyor.\" \/>\n<meta property=\"og:url\" content=\"http:\/\/yuksekgumruk.com.tr\/index.php\/2026\/01\/31\/fiyat-kalici-olacak-mi-elektriklide-basari-dusuk-vergiyle-geldi\/\" \/>\n<meta property=\"og:site_name\" content=\"Y&uuml;ksek G&uuml;mr&uuml;k M&uuml;\u015favirli\u011fi\" \/>\n<meta property=\"article:publisher\" content=\"https:\/\/www.facebook.com\/profile.php?id=100002531670308\" \/>\n<meta property=\"article:published_time\" content=\"2026-01-31T06:27:00+00:00\" \/>\n<meta property=\"og:image\" content=\"http:\/\/yuksekgumruk.com.tr\/wp-content\/uploads\/2026\/01\/fiyat-kalici-olacak-mi-elektriklide-basari-dusuk-vergiyle-geldi-vtw0-fBKKn0.jpeg\" \/>\n\t<meta property=\"og:image:width\" content=\"1600\" \/>\n\t<meta property=\"og:image:height\" content=\"900\" \/>\n\t<meta property=\"og:image:type\" content=\"image\/jpeg\" \/>\n<meta name=\"author\" content=\"admin\" \/>\n<meta name=\"twitter:card\" content=\"summary_large_image\" \/>\n<meta name=\"twitter:label1\" content=\"Yazan:\" \/>\n\t<meta name=\"twitter:data1\" content=\"admin\" \/>\n<script type=\"application\/ld+json\" class=\"yoast-schema-graph\">{\"@context\":\"https:\/\/schema.org\",\"@graph\":[{\"@type\":\"Article\",\"@id\":\"http:\/\/yuksekgumruk.com.tr\/index.php\/2026\/01\/31\/fiyat-kalici-olacak-mi-elektriklide-basari-dusuk-vergiyle-geldi\/#article\",\"isPartOf\":{\"@id\":\"http:\/\/yuksekgumruk.com.tr\/index.php\/2026\/01\/31\/fiyat-kalici-olacak-mi-elektriklide-basari-dusuk-vergiyle-geldi\/\"},\"author\":{\"name\":\"admin\",\"@id\":\"http:\/\/yuksekgumruk.com.tr\/#\/schema\/person\/9fef30279e12fc830162c563b80c603f\"},\"headline\":\"Fiyat kal\u0131c\u0131 olacak m\u0131? Elektriklide ba\u015far\u0131 d\u00fc\u015f\u00fck vergiyle geldi\",\"datePublished\":\"2026-01-31T06:27:00+00:00\",\"mainEntityOfPage\":{\"@id\":\"http:\/\/yuksekgumruk.com.tr\/index.php\/2026\/01\/31\/fiyat-kalici-olacak-mi-elektriklide-basari-dusuk-vergiyle-geldi\/\"},\"wordCount\":70,\"commentCount\":0,\"publisher\":{\"@id\":\"http:\/\/yuksekgumruk.com.tr\/#organization\"},\"image\":{\"@id\":\"http:\/\/yuksekgumruk.com.tr\/index.php\/2026\/01\/31\/fiyat-kalici-olacak-mi-elektriklide-basari-dusuk-vergiyle-geldi\/#primaryimage\"},\"thumbnailUrl\":\"http:\/\/yuksekgumruk.com.tr\/wp-content\/uploads\/2026\/01\/fiyat-kalici-olacak-mi-elektriklide-basari-dusuk-vergiyle-geldi-vtw0-fBKKn0.jpeg\",\"articleSection\":[\"Blog\"],\"inLanguage\":\"tr\",\"potentialAction\":[{\"@type\":\"CommentAction\",\"name\":\"Comment\",\"target\":[\"http:\/\/yuksekgumruk.com.tr\/index.php\/2026\/01\/31\/fiyat-kalici-olacak-mi-elektriklide-basari-dusuk-vergiyle-geldi\/#respond\"]}]},{\"@type\":\"WebPage\",\"@id\":\"http:\/\/yuksekgumruk.com.tr\/index.php\/2026\/01\/31\/fiyat-kalici-olacak-mi-elektriklide-basari-dusuk-vergiyle-geldi\/\",\"url\":\"http:\/\/yuksekgumruk.com.tr\/index.php\/2026\/01\/31\/fiyat-kalici-olacak-mi-elektriklide-basari-dusuk-vergiyle-geldi\/\",\"name\":\"Fiyat kal\u0131c\u0131 olacak m\u0131? Elektriklide ba\u015far\u0131 d\u00fc\u015f\u00fck vergiyle geldi - Y&uuml;ksek G&uuml;mr&uuml;k M&uuml;\u015favirli\u011fi\",\"isPartOf\":{\"@id\":\"http:\/\/yuksekgumruk.com.tr\/#website\"},\"primaryImageOfPage\":{\"@id\":\"http:\/\/yuksekgumruk.com.tr\/index.php\/2026\/01\/31\/fiyat-kalici-olacak-mi-elektriklide-basari-dusuk-vergiyle-geldi\/#primaryimage\"},\"image\":{\"@id\":\"http:\/\/yuksekgumruk.com.tr\/index.php\/2026\/01\/31\/fiyat-kalici-olacak-mi-elektriklide-basari-dusuk-vergiyle-geldi\/#primaryimage\"},\"thumbnailUrl\":\"http:\/\/yuksekgumruk.com.tr\/wp-content\/uploads\/2026\/01\/fiyat-kalici-olacak-mi-elektriklide-basari-dusuk-vergiyle-geldi-vtw0-fBKKn0.jpeg\",\"datePublished\":\"2026-01-31T06:27:00+00:00\",\"breadcrumb\":{\"@id\":\"http:\/\/yuksekgumruk.com.tr\/index.php\/2026\/01\/31\/fiyat-kalici-olacak-mi-elektriklide-basari-dusuk-vergiyle-geldi\/#breadcrumb\"},\"inLanguage\":\"tr\",\"potentialAction\":[{\"@type\":\"ReadAction\",\"target\":[\"http:\/\/yuksekgumruk.com.tr\/index.php\/2026\/01\/31\/fiyat-kalici-olacak-mi-elektriklide-basari-dusuk-vergiyle-geldi\/\"]}]},{\"@type\":\"ImageObject\",\"inLanguage\":\"tr\",\"@id\":\"http:\/\/yuksekgumruk.com.tr\/index.php\/2026\/01\/31\/fiyat-kalici-olacak-mi-elektriklide-basari-dusuk-vergiyle-geldi\/#primaryimage\",\"url\":\"http:\/\/yuksekgumruk.com.tr\/wp-content\/uploads\/2026\/01\/fiyat-kalici-olacak-mi-elektriklide-basari-dusuk-vergiyle-geldi-vtw0-fBKKn0.jpeg\",\"contentUrl\":\"http:\/\/yuksekgumruk.com.tr\/wp-content\/uploads\/2026\/01\/fiyat-kalici-olacak-mi-elektriklide-basari-dusuk-vergiyle-geldi-vtw0-fBKKn0.jpeg\",\"width\":1600,\"height\":900},{\"@type\":\"BreadcrumbList\",\"@id\":\"http:\/\/yuksekgumruk.com.tr\/index.php\/2026\/01\/31\/fiyat-kalici-olacak-mi-elektriklide-basari-dusuk-vergiyle-geldi\/#breadcrumb\",\"itemListElement\":[{\"@type\":\"ListItem\",\"position\":1,\"name\":\"Anasayfa\",\"item\":\"http:\/\/yuksekgumruk.com.tr\/\"},{\"@type\":\"ListItem\",\"position\":2,\"name\":\"Fiyat kal\u0131c\u0131 olacak m\u0131? Elektriklide ba\u015far\u0131 d\u00fc\u015f\u00fck vergiyle geldi\"}]},{\"@type\":\"WebSite\",\"@id\":\"http:\/\/yuksekgumruk.com.tr\/#website\",\"url\":\"http:\/\/yuksekgumruk.com.tr\/\",\"name\":\"https:\/\/yuksekgumruk.com.tr\",\"description\":\"G&uuml;mr&uuml;k i\u015flemlerinde h\u0131zl\u0131, g&uuml;venilir ve profesyonel &ccedil;&ouml;z&uuml;m!\",\"publisher\":{\"@id\":\"http:\/\/yuksekgumruk.com.tr\/#organization\"},\"potentialAction\":[{\"@type\":\"SearchAction\",\"target\":{\"@type\":\"EntryPoint\",\"urlTemplate\":\"http:\/\/yuksekgumruk.com.tr\/?s={search_term_string}\"},\"query-input\":{\"@type\":\"PropertyValueSpecification\",\"valueRequired\":true,\"valueName\":\"search_term_string\"}}],\"inLanguage\":\"tr\"},{\"@type\":\"Organization\",\"@id\":\"http:\/\/yuksekgumruk.com.tr\/#organization\",\"name\":\"Y\u00fcksek G\u00fcmr\u00fck M\u00fc\u015favirli\u011fi\",\"url\":\"http:\/\/yuksekgumruk.com.tr\/\",\"logo\":{\"@type\":\"ImageObject\",\"inLanguage\":\"tr\",\"@id\":\"http:\/\/yuksekgumruk.com.tr\/#\/schema\/logo\/image\/\",\"url\":\"http:\/\/yuksekgumruk.com.tr\/wp-content\/uploads\/2024\/11\/Yuksek-Gumruk-Musavirligi111.pdf-2.png\",\"contentUrl\":\"http:\/\/yuksekgumruk.com.tr\/wp-content\/uploads\/2024\/11\/Yuksek-Gumruk-Musavirligi111.pdf-2.png\",\"width\":1080,\"height\":1080,\"caption\":\"Y\u00fcksek G\u00fcmr\u00fck M\u00fc\u015favirli\u011fi\"},\"image\":{\"@id\":\"http:\/\/yuksekgumruk.com.tr\/#\/schema\/logo\/image\/\"},\"sameAs\":[\"https:\/\/www.facebook.com\/profile.php?id=100002531670308\",\"https:\/\/www.instagram.com\/yuksekgumruk\/\"]},{\"@type\":\"Person\",\"@id\":\"http:\/\/yuksekgumruk.com.tr\/#\/schema\/person\/9fef30279e12fc830162c563b80c603f\",\"name\":\"admin\",\"image\":{\"@type\":\"ImageObject\",\"inLanguage\":\"tr\",\"@id\":\"http:\/\/yuksekgumruk.com.tr\/#\/schema\/person\/image\/\",\"url\":\"https:\/\/secure.gravatar.com\/avatar\/1aac46cfedc3bc1a4fabd6f580fc02d5?s=96&d=mm&r=g\",\"contentUrl\":\"https:\/\/secure.gravatar.com\/avatar\/1aac46cfedc3bc1a4fabd6f580fc02d5?s=96&d=mm&r=g\",\"caption\":\"admin\"},\"sameAs\":[\"http:\/\/yuksekgumruk.com.tr\"],\"url\":\"http:\/\/yuksekgumruk.com.tr\/index.php\/author\/admin\/\"}]}<\/script>\n<!-- \/ Yoast SEO plugin. -->","yoast_head_json":{"title":"Fiyat kal\u0131c\u0131 olacak m\u0131? Elektriklide ba\u015far\u0131 d\u00fc\u015f\u00fck vergiyle geldi - Y&uuml;ksek G&uuml;mr&uuml;k M&uuml;\u015favirli\u011fi","robots":{"index":"index","follow":"follow","max-snippet":"max-snippet:-1","max-image-preview":"max-image-preview:large","max-video-preview":"max-video-preview:-1"},"canonical":"http:\/\/yuksekgumruk.com.tr\/index.php\/2026\/01\/31\/fiyat-kalici-olacak-mi-elektriklide-basari-dusuk-vergiyle-geldi\/","og_locale":"tr_TR","og_type":"article","og_title":"Fiyat kal\u0131c\u0131 olacak m\u0131? Elektriklide ba\u015far\u0131 d\u00fc\u015f\u00fck vergiyle geldi - Y&uuml;ksek G&uuml;mr&uuml;k M&uuml;\u015favirli\u011fi","og_description":"Ember Energey&#8217;nin elektrikli otomobil sat\u0131\u015flar\u0131yla ilgili raporu, T\u00fcrkiye&#8217;nin bu alanda Avrupa d\u00f6rd\u00fcnc\u00fcs\u00fc oldu\u011funu ortaya koyarken, raporda, elektrikli otomobil sat\u0131\u015flar\u0131ndaki art\u0131\u015f\u0131n arkas\u0131ndaki as\u0131l etkenin d\u00fc\u015f\u00fck vergi d\u00fczeni oldu\u011fu vurgulan\u0131yor. Ancak bu durumun fiyatlarla ilgili k\u0131r\u0131lgan bir yap\u0131 olu\u015fturdu\u011fu belirtiliyor.","og_url":"http:\/\/yuksekgumruk.com.tr\/index.php\/2026\/01\/31\/fiyat-kalici-olacak-mi-elektriklide-basari-dusuk-vergiyle-geldi\/","og_site_name":"Y&uuml;ksek G&uuml;mr&uuml;k M&uuml;\u015favirli\u011fi","article_publisher":"https:\/\/www.facebook.com\/profile.php?id=100002531670308","article_published_time":"2026-01-31T06:27:00+00:00","og_image":[{"width":1600,"height":900,"url":"http:\/\/yuksekgumruk.com.tr\/wp-content\/uploads\/2026\/01\/fiyat-kalici-olacak-mi-elektriklide-basari-dusuk-vergiyle-geldi-vtw0-fBKKn0.jpeg","type":"image\/jpeg"}],"author":"admin","twitter_card":"summary_large_image","twitter_misc":{"Yazan:":"admin"},"schema":{"@context":"https:\/\/schema.org","@graph":[{"@type":"Article","@id":"http:\/\/yuksekgumruk.com.tr\/index.php\/2026\/01\/31\/fiyat-kalici-olacak-mi-elektriklide-basari-dusuk-vergiyle-geldi\/#article","isPartOf":{"@id":"http:\/\/yuksekgumruk.com.tr\/index.php\/2026\/01\/31\/fiyat-kalici-olacak-mi-elektriklide-basari-dusuk-vergiyle-geldi\/"},"author":{"name":"admin","@id":"http:\/\/yuksekgumruk.com.tr\/#\/schema\/person\/9fef30279e12fc830162c563b80c603f"},"headline":"Fiyat kal\u0131c\u0131 olacak m\u0131? Elektriklide ba\u015far\u0131 d\u00fc\u015f\u00fck vergiyle geldi","datePublished":"2026-01-31T06:27:00+00:00","mainEntityOfPage":{"@id":"http:\/\/yuksekgumruk.com.tr\/index.php\/2026\/01\/31\/fiyat-kalici-olacak-mi-elektriklide-basari-dusuk-vergiyle-geldi\/"},"wordCount":70,"commentCount":0,"publisher":{"@id":"http:\/\/yuksekgumruk.com.tr\/#organization"},"image":{"@id":"http:\/\/yuksekgumruk.com.tr\/index.php\/2026\/01\/31\/fiyat-kalici-olacak-mi-elektriklide-basari-dusuk-vergiyle-geldi\/#primaryimage"},"thumbnailUrl":"http:\/\/yuksekgumruk.com.tr\/wp-content\/uploads\/2026\/01\/fiyat-kalici-olacak-mi-elektriklide-basari-dusuk-vergiyle-geldi-vtw0-fBKKn0.jpeg","articleSection":["Blog"],"inLanguage":"tr","potentialAction":[{"@type":"CommentAction","name":"Comment","target":["http:\/\/yuksekgumruk.com.tr\/index.php\/2026\/01\/31\/fiyat-kalici-olacak-mi-elektriklide-basari-dusuk-vergiyle-geldi\/#respond"]}]},{"@type":"WebPage","@id":"http:\/\/yuksekgumruk.com.tr\/index.php\/2026\/01\/31\/fiyat-kalici-olacak-mi-elektriklide-basari-dusuk-vergiyle-geldi\/","url":"http:\/\/yuksekgumruk.com.tr\/index.php\/2026\/01\/31\/fiyat-kalici-olacak-mi-elektriklide-basari-dusuk-vergiyle-geldi\/","name":"Fiyat kal\u0131c\u0131 olacak m\u0131? Elektriklide ba\u015far\u0131 d\u00fc\u015f\u00fck vergiyle geldi - Y&uuml;ksek G&uuml;mr&uuml;k M&uuml;\u015favirli\u011fi","isPartOf":{"@id":"http:\/\/yuksekgumruk.com.tr\/#website"},"primaryImageOfPage":{"@id":"http:\/\/yuksekgumruk.com.tr\/index.php\/2026\/01\/31\/fiyat-kalici-olacak-mi-elektriklide-basari-dusuk-vergiyle-geldi\/#primaryimage"},"image":{"@id":"http:\/\/yuksekgumruk.com.tr\/index.php\/2026\/01\/31\/fiyat-kalici-olacak-mi-elektriklide-basari-dusuk-vergiyle-geldi\/#primaryimage"},"thumbnailUrl":"http:\/\/yuksekgumruk.com.tr\/wp-content\/uploads\/2026\/01\/fiyat-kalici-olacak-mi-elektriklide-basari-dusuk-vergiyle-geldi-vtw0-fBKKn0.jpeg","datePublished":"2026-01-31T06:27:00+00:00","breadcrumb":{"@id":"http:\/\/yuksekgumruk.com.tr\/index.php\/2026\/01\/31\/fiyat-kalici-olacak-mi-elektriklide-basari-dusuk-vergiyle-geldi\/#breadcrumb"},"inLanguage":"tr","potentialAction":[{"@type":"ReadAction","target":["http:\/\/yuksekgumruk.com.tr\/index.php\/2026\/01\/31\/fiyat-kalici-olacak-mi-elektriklide-basari-dusuk-vergiyle-geldi\/"]}]},{"@type":"ImageObject","inLanguage":"tr","@id":"http:\/\/yuksekgumruk.com.tr\/index.php\/2026\/01\/31\/fiyat-kalici-olacak-mi-elektriklide-basari-dusuk-vergiyle-geldi\/#primaryimage","url":"http:\/\/yuksekgumruk.com.tr\/wp-content\/uploads\/2026\/01\/fiyat-kalici-olacak-mi-elektriklide-basari-dusuk-vergiyle-geldi-vtw0-fBKKn0.jpeg","contentUrl":"http:\/\/yuksekgumruk.com.tr\/wp-content\/uploads\/2026\/01\/fiyat-kalici-olacak-mi-elektriklide-basari-dusuk-vergiyle-geldi-vtw0-fBKKn0.jpeg","width":1600,"height":900},{"@type":"BreadcrumbList","@id":"http:\/\/yuksekgumruk.com.tr\/index.php\/2026\/01\/31\/fiyat-kalici-olacak-mi-elektriklide-basari-dusuk-vergiyle-geldi\/#breadcrumb","itemListElement":[{"@type":"ListItem","position":1,"name":"Anasayfa","item":"http:\/\/yuksekgumruk.com.tr\/"},{"@type":"ListItem","position":2,"name":"Fiyat kal\u0131c\u0131 olacak m\u0131? Elektriklide ba\u015far\u0131 d\u00fc\u015f\u00fck vergiyle geldi"}]},{"@type":"WebSite","@id":"http:\/\/yuksekgumruk.com.tr\/#website","url":"http:\/\/yuksekgumruk.com.tr\/","name":"https:\/\/yuksekgumruk.com.tr","description":"G&uuml;mr&uuml;k i\u015flemlerinde h\u0131zl\u0131, g&uuml;venilir ve profesyonel &ccedil;&ouml;z&uuml;m!","publisher":{"@id":"http:\/\/yuksekgumruk.com.tr\/#organization"},"potentialAction":[{"@type":"SearchAction","target":{"@type":"EntryPoint","urlTemplate":"http:\/\/yuksekgumruk.com.tr\/?s={search_term_string}"},"query-input":{"@type":"PropertyValueSpecification","valueRequired":true,"valueName":"search_term_string"}}],"inLanguage":"tr"},{"@type":"Organization","@id":"http:\/\/yuksekgumruk.com.tr\/#organization","name":"Y\u00fcksek G\u00fcmr\u00fck M\u00fc\u015favirli\u011fi","url":"http:\/\/yuksekgumruk.com.tr\/","logo":{"@type":"ImageObject","inLanguage":"tr","@id":"http:\/\/yuksekgumruk.com.tr\/#\/schema\/logo\/image\/","url":"http:\/\/yuksekgumruk.com.tr\/wp-content\/uploads\/2024\/11\/Yuksek-Gumruk-Musavirligi111.pdf-2.png","contentUrl":"http:\/\/yuksekgumruk.com.tr\/wp-content\/uploads\/2024\/11\/Yuksek-Gumruk-Musavirligi111.pdf-2.png","width":1080,"height":1080,"caption":"Y\u00fcksek G\u00fcmr\u00fck M\u00fc\u015favirli\u011fi"},"image":{"@id":"http:\/\/yuksekgumruk.com.tr\/#\/schema\/logo\/image\/"},"sameAs":["https:\/\/www.facebook.com\/profile.php?id=100002531670308","https:\/\/www.instagram.com\/yuksekgumruk\/"]},{"@type":"Person","@id":"http:\/\/yuksekgumruk.com.tr\/#\/schema\/person\/9fef30279e12fc830162c563b80c603f","name":"admin","image":{"@type":"ImageObject","inLanguage":"tr","@id":"http:\/\/yuksekgumruk.com.tr\/#\/schema\/person\/image\/","url":"https:\/\/secure.gravatar.com\/avatar\/1aac46cfedc3bc1a4fabd6f580fc02d5?s=96&d=mm&r=g","contentUrl":"https:\/\/secure.gravatar.com\/avatar\/1aac46cfedc3bc1a4fabd6f580fc02d5?s=96&d=mm&r=g","caption":"admin"},"sameAs":["http:\/\/yuksekgumruk.com.tr"],"url":"http:\/\/yuksekgumruk.com.tr\/index.php\/author\/admin\/"}]}},"_links":{"self":[{"href":"http:\/\/yuksekgumruk.com.tr\/index.php\/wp-json\/wp\/v2\/posts\/17944","targetHints":{"allow":["GET"]}}],"collection":[{"href":"http:\/\/yuksekgumruk.com.tr\/index.php\/wp-json\/wp\/v2\/posts"}],"about":[{"href":"http:\/\/yuksekgumruk.com.tr\/index.php\/wp-json\/wp\/v2\/types\/post"}],"author":[{"embeddable":true,"href":"http:\/\/yuksekgumruk.com.tr\/index.php\/wp-json\/wp\/v2\/users\/1"}],"replies":[{"embeddable":true,"href":"http:\/\/yuksekgumruk.com.tr\/index.php\/wp-json\/wp\/v2\/comments?post=17944"}],"version-history":[{"count":0,"href":"http:\/\/yuksekgumruk.com.tr\/index.php\/wp-json\/wp\/v2\/posts\/17944\/revisions"}],"wp:featuredmedia":[{"embeddable":true,"href":"http:\/\/yuksekgumruk.com.tr\/index.php\/wp-json\/wp\/v2\/media\/17945"}],"wp:attachment":[{"href":"http:\/\/yuksekgumruk.com.tr\/index.php\/wp-json\/wp\/v2\/media?parent=17944"}],"wp:term":[{"taxonomy":"category","embeddable":true,"href":"http:\/\/yuksekgumruk.com.tr\/index.php\/wp-json\/wp\/v2\/categories?post=17944"},{"taxonomy":"post_tag","embeddable":true,"href":"http:\/\/yuksekgumruk.com.tr\/index.php\/wp-json\/wp\/v2\/tags?post=17944"}],"curies":[{"name":"wp","href":"https:\/\/api.w.org\/{rel}","templated":true}]}}