{"id":18910,"date":"2026-02-28T08:50:00","date_gmt":"2026-02-28T05:50:00","guid":{"rendered":"https:\/\/yuksekgumruk.com.tr\/index.php\/2026\/02\/28\/ramazan-bayrami-ikramiyesi-ne-kadar-olacak-bakan-isikhandan-ikramiye-rakami-aciklamasi\/"},"modified":"2026-02-28T08:50:00","modified_gmt":"2026-02-28T05:50:00","slug":"ramazan-bayrami-ikramiyesi-ne-kadar-olacak-bakan-isikhandan-ikramiye-rakami-aciklamasi","status":"publish","type":"post","link":"http:\/\/yuksekgumruk.com.tr\/index.php\/2026\/02\/28\/ramazan-bayrami-ikramiyesi-ne-kadar-olacak-bakan-isikhandan-ikramiye-rakami-aciklamasi\/","title":{"rendered":"Ramazan Bayram\u0131 ikramiyesi ne kadar olacak? Bakan I\u015f\u0131khan&#8217;dan ikramiye rakam\u0131 a\u00e7\u0131klamas\u0131!"},"content":{"rendered":"<p>\u00c7al\u0131\u015fma Bakan\u0131 I\u015f\u0131khan, sosyal g\u00fcvenlikte ger\u00e7ekle\u015fecek yenilikleri anlatt\u0131. Gen\u00e7ler, ya\u015fl\u0131lar, \u00e7al\u0131\u015fanlar, anneler i\u00e7in yeni bir d\u00f6nem ba\u015fl\u0131yor. Bakan I\u015f\u0131khan, emeklilere verilecek bayram ikramiyelerinin art\u0131r\u0131lmas\u0131 ile ilgili yasal d\u00fczenlemenin de haz\u0131r oldu\u011funu rakam konusunda karar verildi\u011finde hemen TBMM&#8217;ye sunulaca\u011f\u0131n\u0131 belirtti.<\/p>","protected":false},"excerpt":{"rendered":"<p>\u00c7al\u0131\u015fma Bakan\u0131 I\u015f\u0131khan, sosyal g\u00fcvenlikte ger\u00e7ekle\u015fecek yenilikleri anlatt\u0131. Gen\u00e7ler, ya\u015fl\u0131lar, \u00e7al\u0131\u015fanlar, anneler i\u00e7in yeni bir d\u00f6nem ba\u015fl\u0131yor. Bakan I\u015f\u0131khan, emeklilere verilecek bayram ikramiyelerinin art\u0131r\u0131lmas\u0131 ile ilgili yasal d\u00fczenlemenin de haz\u0131r oldu\u011funu rakam konusunda karar verildi\u011finde hemen TBMM&#8217;ye sunulaca\u011f\u0131n\u0131 belirtti.<\/p>\n","protected":false},"author":1,"featured_media":18911,"comment_status":"open","ping_status":"open","sticky":false,"template":"","format":"standard","meta":{"footnotes":""},"categories":[1],"tags":[],"class_list":["post-18910","post","type-post","status-publish","format-standard","has-post-thumbnail","hentry","category-blog"],"yoast_head":"<!-- This site is optimized with the Yoast SEO plugin v26.8 - https:\/\/yoast.com\/product\/yoast-seo-wordpress\/ -->\n<title>Ramazan Bayram\u0131 ikramiyesi ne kadar olacak? Bakan I\u015f\u0131khan&#039;dan ikramiye rakam\u0131 a\u00e7\u0131klamas\u0131! - Y&uuml;ksek G&uuml;mr&uuml;k M&uuml;\u015favirli\u011fi<\/title>\n<meta name=\"robots\" content=\"index, follow, max-snippet:-1, max-image-preview:large, max-video-preview:-1\" \/>\n<link rel=\"canonical\" href=\"http:\/\/yuksekgumruk.com.tr\/index.php\/2026\/02\/28\/ramazan-bayrami-ikramiyesi-ne-kadar-olacak-bakan-isikhandan-ikramiye-rakami-aciklamasi\/\" \/>\n<meta property=\"og:locale\" content=\"tr_TR\" \/>\n<meta property=\"og:type\" content=\"article\" \/>\n<meta property=\"og:title\" content=\"Ramazan Bayram\u0131 ikramiyesi ne kadar olacak? Bakan I\u015f\u0131khan&#039;dan ikramiye rakam\u0131 a\u00e7\u0131klamas\u0131! - Y&uuml;ksek G&uuml;mr&uuml;k M&uuml;\u015favirli\u011fi\" \/>\n<meta property=\"og:description\" content=\"\u00c7al\u0131\u015fma Bakan\u0131 I\u015f\u0131khan, sosyal g\u00fcvenlikte ger\u00e7ekle\u015fecek yenilikleri anlatt\u0131. Gen\u00e7ler, ya\u015fl\u0131lar, \u00e7al\u0131\u015fanlar, anneler i\u00e7in yeni bir d\u00f6nem ba\u015fl\u0131yor. Bakan I\u015f\u0131khan, emeklilere verilecek bayram ikramiyelerinin art\u0131r\u0131lmas\u0131 ile ilgili yasal d\u00fczenlemenin de haz\u0131r oldu\u011funu rakam konusunda karar verildi\u011finde hemen TBMM&#8217;ye sunulaca\u011f\u0131n\u0131 belirtti.\" \/>\n<meta property=\"og:url\" content=\"http:\/\/yuksekgumruk.com.tr\/index.php\/2026\/02\/28\/ramazan-bayrami-ikramiyesi-ne-kadar-olacak-bakan-isikhandan-ikramiye-rakami-aciklamasi\/\" \/>\n<meta property=\"og:site_name\" content=\"Y&uuml;ksek G&uuml;mr&uuml;k M&uuml;\u015favirli\u011fi\" \/>\n<meta property=\"article:publisher\" content=\"https:\/\/www.facebook.com\/profile.php?id=100002531670308\" \/>\n<meta property=\"article:published_time\" content=\"2026-02-28T05:50:00+00:00\" \/>\n<meta property=\"og:image\" content=\"http:\/\/yuksekgumruk.com.tr\/wp-content\/uploads\/2026\/02\/ramazan-bayrami-ikramiyesi-ne-kadar-olacak-bakan-isikhandan-ikramiye-rakami-aciklamasi-e3pw-zysm1J.jpeg\" \/>\n\t<meta property=\"og:image:width\" content=\"1600\" \/>\n\t<meta property=\"og:image:height\" content=\"900\" \/>\n\t<meta property=\"og:image:type\" content=\"image\/jpeg\" \/>\n<meta name=\"author\" content=\"admin\" \/>\n<meta name=\"twitter:card\" content=\"summary_large_image\" \/>\n<meta name=\"twitter:label1\" content=\"Yazan:\" \/>\n\t<meta name=\"twitter:data1\" content=\"admin\" \/>\n<script type=\"application\/ld+json\" class=\"yoast-schema-graph\">{\"@context\":\"https:\/\/schema.org\",\"@graph\":[{\"@type\":\"Article\",\"@id\":\"http:\/\/yuksekgumruk.com.tr\/index.php\/2026\/02\/28\/ramazan-bayrami-ikramiyesi-ne-kadar-olacak-bakan-isikhandan-ikramiye-rakami-aciklamasi\/#article\",\"isPartOf\":{\"@id\":\"http:\/\/yuksekgumruk.com.tr\/index.php\/2026\/02\/28\/ramazan-bayrami-ikramiyesi-ne-kadar-olacak-bakan-isikhandan-ikramiye-rakami-aciklamasi\/\"},\"author\":{\"name\":\"admin\",\"@id\":\"http:\/\/yuksekgumruk.com.tr\/#\/schema\/person\/9fef30279e12fc830162c563b80c603f\"},\"headline\":\"Ramazan Bayram\u0131 ikramiyesi ne kadar olacak? Bakan I\u015f\u0131khan&#8217;dan ikramiye rakam\u0131 a\u00e7\u0131klamas\u0131!\",\"datePublished\":\"2026-02-28T05:50:00+00:00\",\"mainEntityOfPage\":{\"@id\":\"http:\/\/yuksekgumruk.com.tr\/index.php\/2026\/02\/28\/ramazan-bayrami-ikramiyesi-ne-kadar-olacak-bakan-isikhandan-ikramiye-rakami-aciklamasi\/\"},\"wordCount\":73,\"commentCount\":0,\"publisher\":{\"@id\":\"http:\/\/yuksekgumruk.com.tr\/#organization\"},\"image\":{\"@id\":\"http:\/\/yuksekgumruk.com.tr\/index.php\/2026\/02\/28\/ramazan-bayrami-ikramiyesi-ne-kadar-olacak-bakan-isikhandan-ikramiye-rakami-aciklamasi\/#primaryimage\"},\"thumbnailUrl\":\"http:\/\/yuksekgumruk.com.tr\/wp-content\/uploads\/2026\/02\/ramazan-bayrami-ikramiyesi-ne-kadar-olacak-bakan-isikhandan-ikramiye-rakami-aciklamasi-e3pw-zysm1J.jpeg\",\"articleSection\":[\"Blog\"],\"inLanguage\":\"tr\",\"potentialAction\":[{\"@type\":\"CommentAction\",\"name\":\"Comment\",\"target\":[\"http:\/\/yuksekgumruk.com.tr\/index.php\/2026\/02\/28\/ramazan-bayrami-ikramiyesi-ne-kadar-olacak-bakan-isikhandan-ikramiye-rakami-aciklamasi\/#respond\"]}]},{\"@type\":\"WebPage\",\"@id\":\"http:\/\/yuksekgumruk.com.tr\/index.php\/2026\/02\/28\/ramazan-bayrami-ikramiyesi-ne-kadar-olacak-bakan-isikhandan-ikramiye-rakami-aciklamasi\/\",\"url\":\"http:\/\/yuksekgumruk.com.tr\/index.php\/2026\/02\/28\/ramazan-bayrami-ikramiyesi-ne-kadar-olacak-bakan-isikhandan-ikramiye-rakami-aciklamasi\/\",\"name\":\"Ramazan Bayram\u0131 ikramiyesi ne kadar olacak? Bakan I\u015f\u0131khan'dan ikramiye rakam\u0131 a\u00e7\u0131klamas\u0131! - Y&uuml;ksek G&uuml;mr&uuml;k M&uuml;\u015favirli\u011fi\",\"isPartOf\":{\"@id\":\"http:\/\/yuksekgumruk.com.tr\/#website\"},\"primaryImageOfPage\":{\"@id\":\"http:\/\/yuksekgumruk.com.tr\/index.php\/2026\/02\/28\/ramazan-bayrami-ikramiyesi-ne-kadar-olacak-bakan-isikhandan-ikramiye-rakami-aciklamasi\/#primaryimage\"},\"image\":{\"@id\":\"http:\/\/yuksekgumruk.com.tr\/index.php\/2026\/02\/28\/ramazan-bayrami-ikramiyesi-ne-kadar-olacak-bakan-isikhandan-ikramiye-rakami-aciklamasi\/#primaryimage\"},\"thumbnailUrl\":\"http:\/\/yuksekgumruk.com.tr\/wp-content\/uploads\/2026\/02\/ramazan-bayrami-ikramiyesi-ne-kadar-olacak-bakan-isikhandan-ikramiye-rakami-aciklamasi-e3pw-zysm1J.jpeg\",\"datePublished\":\"2026-02-28T05:50:00+00:00\",\"breadcrumb\":{\"@id\":\"http:\/\/yuksekgumruk.com.tr\/index.php\/2026\/02\/28\/ramazan-bayrami-ikramiyesi-ne-kadar-olacak-bakan-isikhandan-ikramiye-rakami-aciklamasi\/#breadcrumb\"},\"inLanguage\":\"tr\",\"potentialAction\":[{\"@type\":\"ReadAction\",\"target\":[\"http:\/\/yuksekgumruk.com.tr\/index.php\/2026\/02\/28\/ramazan-bayrami-ikramiyesi-ne-kadar-olacak-bakan-isikhandan-ikramiye-rakami-aciklamasi\/\"]}]},{\"@type\":\"ImageObject\",\"inLanguage\":\"tr\",\"@id\":\"http:\/\/yuksekgumruk.com.tr\/index.php\/2026\/02\/28\/ramazan-bayrami-ikramiyesi-ne-kadar-olacak-bakan-isikhandan-ikramiye-rakami-aciklamasi\/#primaryimage\",\"url\":\"http:\/\/yuksekgumruk.com.tr\/wp-content\/uploads\/2026\/02\/ramazan-bayrami-ikramiyesi-ne-kadar-olacak-bakan-isikhandan-ikramiye-rakami-aciklamasi-e3pw-zysm1J.jpeg\",\"contentUrl\":\"http:\/\/yuksekgumruk.com.tr\/wp-content\/uploads\/2026\/02\/ramazan-bayrami-ikramiyesi-ne-kadar-olacak-bakan-isikhandan-ikramiye-rakami-aciklamasi-e3pw-zysm1J.jpeg\",\"width\":1600,\"height\":900},{\"@type\":\"BreadcrumbList\",\"@id\":\"http:\/\/yuksekgumruk.com.tr\/index.php\/2026\/02\/28\/ramazan-bayrami-ikramiyesi-ne-kadar-olacak-bakan-isikhandan-ikramiye-rakami-aciklamasi\/#breadcrumb\",\"itemListElement\":[{\"@type\":\"ListItem\",\"position\":1,\"name\":\"Anasayfa\",\"item\":\"http:\/\/yuksekgumruk.com.tr\/\"},{\"@type\":\"ListItem\",\"position\":2,\"name\":\"Ramazan Bayram\u0131 ikramiyesi ne kadar olacak? Bakan I\u015f\u0131khan&#8217;dan ikramiye rakam\u0131 a\u00e7\u0131klamas\u0131!\"}]},{\"@type\":\"WebSite\",\"@id\":\"http:\/\/yuksekgumruk.com.tr\/#website\",\"url\":\"http:\/\/yuksekgumruk.com.tr\/\",\"name\":\"https:\/\/yuksekgumruk.com.tr\",\"description\":\"G&uuml;mr&uuml;k i\u015flemlerinde h\u0131zl\u0131, g&uuml;venilir ve profesyonel &ccedil;&ouml;z&uuml;m!\",\"publisher\":{\"@id\":\"http:\/\/yuksekgumruk.com.tr\/#organization\"},\"potentialAction\":[{\"@type\":\"SearchAction\",\"target\":{\"@type\":\"EntryPoint\",\"urlTemplate\":\"http:\/\/yuksekgumruk.com.tr\/?s={search_term_string}\"},\"query-input\":{\"@type\":\"PropertyValueSpecification\",\"valueRequired\":true,\"valueName\":\"search_term_string\"}}],\"inLanguage\":\"tr\"},{\"@type\":\"Organization\",\"@id\":\"http:\/\/yuksekgumruk.com.tr\/#organization\",\"name\":\"Y\u00fcksek G\u00fcmr\u00fck M\u00fc\u015favirli\u011fi\",\"url\":\"http:\/\/yuksekgumruk.com.tr\/\",\"logo\":{\"@type\":\"ImageObject\",\"inLanguage\":\"tr\",\"@id\":\"http:\/\/yuksekgumruk.com.tr\/#\/schema\/logo\/image\/\",\"url\":\"http:\/\/yuksekgumruk.com.tr\/wp-content\/uploads\/2024\/11\/Yuksek-Gumruk-Musavirligi111.pdf-2.png\",\"contentUrl\":\"http:\/\/yuksekgumruk.com.tr\/wp-content\/uploads\/2024\/11\/Yuksek-Gumruk-Musavirligi111.pdf-2.png\",\"width\":1080,\"height\":1080,\"caption\":\"Y\u00fcksek G\u00fcmr\u00fck M\u00fc\u015favirli\u011fi\"},\"image\":{\"@id\":\"http:\/\/yuksekgumruk.com.tr\/#\/schema\/logo\/image\/\"},\"sameAs\":[\"https:\/\/www.facebook.com\/profile.php?id=100002531670308\",\"https:\/\/www.instagram.com\/yuksekgumruk\/\"]},{\"@type\":\"Person\",\"@id\":\"http:\/\/yuksekgumruk.com.tr\/#\/schema\/person\/9fef30279e12fc830162c563b80c603f\",\"name\":\"admin\",\"image\":{\"@type\":\"ImageObject\",\"inLanguage\":\"tr\",\"@id\":\"http:\/\/yuksekgumruk.com.tr\/#\/schema\/person\/image\/\",\"url\":\"https:\/\/secure.gravatar.com\/avatar\/1aac46cfedc3bc1a4fabd6f580fc02d5?s=96&d=mm&r=g\",\"contentUrl\":\"https:\/\/secure.gravatar.com\/avatar\/1aac46cfedc3bc1a4fabd6f580fc02d5?s=96&d=mm&r=g\",\"caption\":\"admin\"},\"sameAs\":[\"http:\/\/yuksekgumruk.com.tr\"],\"url\":\"http:\/\/yuksekgumruk.com.tr\/index.php\/author\/admin\/\"}]}<\/script>\n<!-- \/ Yoast SEO plugin. -->","yoast_head_json":{"title":"Ramazan Bayram\u0131 ikramiyesi ne kadar olacak? Bakan I\u015f\u0131khan'dan ikramiye rakam\u0131 a\u00e7\u0131klamas\u0131! - Y&uuml;ksek G&uuml;mr&uuml;k M&uuml;\u015favirli\u011fi","robots":{"index":"index","follow":"follow","max-snippet":"max-snippet:-1","max-image-preview":"max-image-preview:large","max-video-preview":"max-video-preview:-1"},"canonical":"http:\/\/yuksekgumruk.com.tr\/index.php\/2026\/02\/28\/ramazan-bayrami-ikramiyesi-ne-kadar-olacak-bakan-isikhandan-ikramiye-rakami-aciklamasi\/","og_locale":"tr_TR","og_type":"article","og_title":"Ramazan Bayram\u0131 ikramiyesi ne kadar olacak? Bakan I\u015f\u0131khan'dan ikramiye rakam\u0131 a\u00e7\u0131klamas\u0131! - Y&uuml;ksek G&uuml;mr&uuml;k M&uuml;\u015favirli\u011fi","og_description":"\u00c7al\u0131\u015fma Bakan\u0131 I\u015f\u0131khan, sosyal g\u00fcvenlikte ger\u00e7ekle\u015fecek yenilikleri anlatt\u0131. Gen\u00e7ler, ya\u015fl\u0131lar, \u00e7al\u0131\u015fanlar, anneler i\u00e7in yeni bir d\u00f6nem ba\u015fl\u0131yor. Bakan I\u015f\u0131khan, emeklilere verilecek bayram ikramiyelerinin art\u0131r\u0131lmas\u0131 ile ilgili yasal d\u00fczenlemenin de haz\u0131r oldu\u011funu rakam konusunda karar verildi\u011finde hemen TBMM&#8217;ye sunulaca\u011f\u0131n\u0131 belirtti.","og_url":"http:\/\/yuksekgumruk.com.tr\/index.php\/2026\/02\/28\/ramazan-bayrami-ikramiyesi-ne-kadar-olacak-bakan-isikhandan-ikramiye-rakami-aciklamasi\/","og_site_name":"Y&uuml;ksek G&uuml;mr&uuml;k M&uuml;\u015favirli\u011fi","article_publisher":"https:\/\/www.facebook.com\/profile.php?id=100002531670308","article_published_time":"2026-02-28T05:50:00+00:00","og_image":[{"width":1600,"height":900,"url":"http:\/\/yuksekgumruk.com.tr\/wp-content\/uploads\/2026\/02\/ramazan-bayrami-ikramiyesi-ne-kadar-olacak-bakan-isikhandan-ikramiye-rakami-aciklamasi-e3pw-zysm1J.jpeg","type":"image\/jpeg"}],"author":"admin","twitter_card":"summary_large_image","twitter_misc":{"Yazan:":"admin"},"schema":{"@context":"https:\/\/schema.org","@graph":[{"@type":"Article","@id":"http:\/\/yuksekgumruk.com.tr\/index.php\/2026\/02\/28\/ramazan-bayrami-ikramiyesi-ne-kadar-olacak-bakan-isikhandan-ikramiye-rakami-aciklamasi\/#article","isPartOf":{"@id":"http:\/\/yuksekgumruk.com.tr\/index.php\/2026\/02\/28\/ramazan-bayrami-ikramiyesi-ne-kadar-olacak-bakan-isikhandan-ikramiye-rakami-aciklamasi\/"},"author":{"name":"admin","@id":"http:\/\/yuksekgumruk.com.tr\/#\/schema\/person\/9fef30279e12fc830162c563b80c603f"},"headline":"Ramazan Bayram\u0131 ikramiyesi ne kadar olacak? Bakan I\u015f\u0131khan&#8217;dan ikramiye rakam\u0131 a\u00e7\u0131klamas\u0131!","datePublished":"2026-02-28T05:50:00+00:00","mainEntityOfPage":{"@id":"http:\/\/yuksekgumruk.com.tr\/index.php\/2026\/02\/28\/ramazan-bayrami-ikramiyesi-ne-kadar-olacak-bakan-isikhandan-ikramiye-rakami-aciklamasi\/"},"wordCount":73,"commentCount":0,"publisher":{"@id":"http:\/\/yuksekgumruk.com.tr\/#organization"},"image":{"@id":"http:\/\/yuksekgumruk.com.tr\/index.php\/2026\/02\/28\/ramazan-bayrami-ikramiyesi-ne-kadar-olacak-bakan-isikhandan-ikramiye-rakami-aciklamasi\/#primaryimage"},"thumbnailUrl":"http:\/\/yuksekgumruk.com.tr\/wp-content\/uploads\/2026\/02\/ramazan-bayrami-ikramiyesi-ne-kadar-olacak-bakan-isikhandan-ikramiye-rakami-aciklamasi-e3pw-zysm1J.jpeg","articleSection":["Blog"],"inLanguage":"tr","potentialAction":[{"@type":"CommentAction","name":"Comment","target":["http:\/\/yuksekgumruk.com.tr\/index.php\/2026\/02\/28\/ramazan-bayrami-ikramiyesi-ne-kadar-olacak-bakan-isikhandan-ikramiye-rakami-aciklamasi\/#respond"]}]},{"@type":"WebPage","@id":"http:\/\/yuksekgumruk.com.tr\/index.php\/2026\/02\/28\/ramazan-bayrami-ikramiyesi-ne-kadar-olacak-bakan-isikhandan-ikramiye-rakami-aciklamasi\/","url":"http:\/\/yuksekgumruk.com.tr\/index.php\/2026\/02\/28\/ramazan-bayrami-ikramiyesi-ne-kadar-olacak-bakan-isikhandan-ikramiye-rakami-aciklamasi\/","name":"Ramazan Bayram\u0131 ikramiyesi ne kadar olacak? Bakan I\u015f\u0131khan'dan ikramiye rakam\u0131 a\u00e7\u0131klamas\u0131! - Y&uuml;ksek G&uuml;mr&uuml;k M&uuml;\u015favirli\u011fi","isPartOf":{"@id":"http:\/\/yuksekgumruk.com.tr\/#website"},"primaryImageOfPage":{"@id":"http:\/\/yuksekgumruk.com.tr\/index.php\/2026\/02\/28\/ramazan-bayrami-ikramiyesi-ne-kadar-olacak-bakan-isikhandan-ikramiye-rakami-aciklamasi\/#primaryimage"},"image":{"@id":"http:\/\/yuksekgumruk.com.tr\/index.php\/2026\/02\/28\/ramazan-bayrami-ikramiyesi-ne-kadar-olacak-bakan-isikhandan-ikramiye-rakami-aciklamasi\/#primaryimage"},"thumbnailUrl":"http:\/\/yuksekgumruk.com.tr\/wp-content\/uploads\/2026\/02\/ramazan-bayrami-ikramiyesi-ne-kadar-olacak-bakan-isikhandan-ikramiye-rakami-aciklamasi-e3pw-zysm1J.jpeg","datePublished":"2026-02-28T05:50:00+00:00","breadcrumb":{"@id":"http:\/\/yuksekgumruk.com.tr\/index.php\/2026\/02\/28\/ramazan-bayrami-ikramiyesi-ne-kadar-olacak-bakan-isikhandan-ikramiye-rakami-aciklamasi\/#breadcrumb"},"inLanguage":"tr","potentialAction":[{"@type":"ReadAction","target":["http:\/\/yuksekgumruk.com.tr\/index.php\/2026\/02\/28\/ramazan-bayrami-ikramiyesi-ne-kadar-olacak-bakan-isikhandan-ikramiye-rakami-aciklamasi\/"]}]},{"@type":"ImageObject","inLanguage":"tr","@id":"http:\/\/yuksekgumruk.com.tr\/index.php\/2026\/02\/28\/ramazan-bayrami-ikramiyesi-ne-kadar-olacak-bakan-isikhandan-ikramiye-rakami-aciklamasi\/#primaryimage","url":"http:\/\/yuksekgumruk.com.tr\/wp-content\/uploads\/2026\/02\/ramazan-bayrami-ikramiyesi-ne-kadar-olacak-bakan-isikhandan-ikramiye-rakami-aciklamasi-e3pw-zysm1J.jpeg","contentUrl":"http:\/\/yuksekgumruk.com.tr\/wp-content\/uploads\/2026\/02\/ramazan-bayrami-ikramiyesi-ne-kadar-olacak-bakan-isikhandan-ikramiye-rakami-aciklamasi-e3pw-zysm1J.jpeg","width":1600,"height":900},{"@type":"BreadcrumbList","@id":"http:\/\/yuksekgumruk.com.tr\/index.php\/2026\/02\/28\/ramazan-bayrami-ikramiyesi-ne-kadar-olacak-bakan-isikhandan-ikramiye-rakami-aciklamasi\/#breadcrumb","itemListElement":[{"@type":"ListItem","position":1,"name":"Anasayfa","item":"http:\/\/yuksekgumruk.com.tr\/"},{"@type":"ListItem","position":2,"name":"Ramazan Bayram\u0131 ikramiyesi ne kadar olacak? Bakan I\u015f\u0131khan&#8217;dan ikramiye rakam\u0131 a\u00e7\u0131klamas\u0131!"}]},{"@type":"WebSite","@id":"http:\/\/yuksekgumruk.com.tr\/#website","url":"http:\/\/yuksekgumruk.com.tr\/","name":"https:\/\/yuksekgumruk.com.tr","description":"G&uuml;mr&uuml;k i\u015flemlerinde h\u0131zl\u0131, g&uuml;venilir ve profesyonel &ccedil;&ouml;z&uuml;m!","publisher":{"@id":"http:\/\/yuksekgumruk.com.tr\/#organization"},"potentialAction":[{"@type":"SearchAction","target":{"@type":"EntryPoint","urlTemplate":"http:\/\/yuksekgumruk.com.tr\/?s={search_term_string}"},"query-input":{"@type":"PropertyValueSpecification","valueRequired":true,"valueName":"search_term_string"}}],"inLanguage":"tr"},{"@type":"Organization","@id":"http:\/\/yuksekgumruk.com.tr\/#organization","name":"Y\u00fcksek G\u00fcmr\u00fck M\u00fc\u015favirli\u011fi","url":"http:\/\/yuksekgumruk.com.tr\/","logo":{"@type":"ImageObject","inLanguage":"tr","@id":"http:\/\/yuksekgumruk.com.tr\/#\/schema\/logo\/image\/","url":"http:\/\/yuksekgumruk.com.tr\/wp-content\/uploads\/2024\/11\/Yuksek-Gumruk-Musavirligi111.pdf-2.png","contentUrl":"http:\/\/yuksekgumruk.com.tr\/wp-content\/uploads\/2024\/11\/Yuksek-Gumruk-Musavirligi111.pdf-2.png","width":1080,"height":1080,"caption":"Y\u00fcksek G\u00fcmr\u00fck M\u00fc\u015favirli\u011fi"},"image":{"@id":"http:\/\/yuksekgumruk.com.tr\/#\/schema\/logo\/image\/"},"sameAs":["https:\/\/www.facebook.com\/profile.php?id=100002531670308","https:\/\/www.instagram.com\/yuksekgumruk\/"]},{"@type":"Person","@id":"http:\/\/yuksekgumruk.com.tr\/#\/schema\/person\/9fef30279e12fc830162c563b80c603f","name":"admin","image":{"@type":"ImageObject","inLanguage":"tr","@id":"http:\/\/yuksekgumruk.com.tr\/#\/schema\/person\/image\/","url":"https:\/\/secure.gravatar.com\/avatar\/1aac46cfedc3bc1a4fabd6f580fc02d5?s=96&d=mm&r=g","contentUrl":"https:\/\/secure.gravatar.com\/avatar\/1aac46cfedc3bc1a4fabd6f580fc02d5?s=96&d=mm&r=g","caption":"admin"},"sameAs":["http:\/\/yuksekgumruk.com.tr"],"url":"http:\/\/yuksekgumruk.com.tr\/index.php\/author\/admin\/"}]}},"_links":{"self":[{"href":"http:\/\/yuksekgumruk.com.tr\/index.php\/wp-json\/wp\/v2\/posts\/18910","targetHints":{"allow":["GET"]}}],"collection":[{"href":"http:\/\/yuksekgumruk.com.tr\/index.php\/wp-json\/wp\/v2\/posts"}],"about":[{"href":"http:\/\/yuksekgumruk.com.tr\/index.php\/wp-json\/wp\/v2\/types\/post"}],"author":[{"embeddable":true,"href":"http:\/\/yuksekgumruk.com.tr\/index.php\/wp-json\/wp\/v2\/users\/1"}],"replies":[{"embeddable":true,"href":"http:\/\/yuksekgumruk.com.tr\/index.php\/wp-json\/wp\/v2\/comments?post=18910"}],"version-history":[{"count":0,"href":"http:\/\/yuksekgumruk.com.tr\/index.php\/wp-json\/wp\/v2\/posts\/18910\/revisions"}],"wp:featuredmedia":[{"embeddable":true,"href":"http:\/\/yuksekgumruk.com.tr\/index.php\/wp-json\/wp\/v2\/media\/18911"}],"wp:attachment":[{"href":"http:\/\/yuksekgumruk.com.tr\/index.php\/wp-json\/wp\/v2\/media?parent=18910"}],"wp:term":[{"taxonomy":"category","embeddable":true,"href":"http:\/\/yuksekgumruk.com.tr\/index.php\/wp-json\/wp\/v2\/categories?post=18910"},{"taxonomy":"post_tag","embeddable":true,"href":"http:\/\/yuksekgumruk.com.tr\/index.php\/wp-json\/wp\/v2\/tags?post=18910"}],"curies":[{"name":"wp","href":"https:\/\/api.w.org\/{rel}","templated":true}]}}