{"id":20728,"date":"2026-04-24T16:55:00","date_gmt":"2026-04-24T13:55:00","guid":{"rendered":"http:\/\/yuksekgumruk.com.tr\/index.php\/2026\/04\/24\/cumhurbaskani-erdogan-artik-ne-bolgemiz-ne-de-dunya-eskiye-donebilir\/"},"modified":"2026-04-24T16:55:00","modified_gmt":"2026-04-24T13:55:00","slug":"cumhurbaskani-erdogan-artik-ne-bolgemiz-ne-de-dunya-eskiye-donebilir","status":"publish","type":"post","link":"https:\/\/yuksekgumruk.com.tr\/index.php\/2026\/04\/24\/cumhurbaskani-erdogan-artik-ne-bolgemiz-ne-de-dunya-eskiye-donebilir\/","title":{"rendered":"Cumhurba\u015fkan\u0131 Erdo\u011fan: Art\u0131k ne b\u00f6lgemiz ne de d\u00fcnya eskiye d\u00f6nebilir"},"content":{"rendered":"<p>Cumhurba\u015fkan\u0131 Erdo\u011fan, \u00e7at\u0131\u015fmalar\u0131n d\u00fcnya ekonomisini sarst\u0131\u011f\u0131n\u0131 ifade ederek \u0130ran ve ABD aras\u0131ndaki ate\u015fkesin kal\u0131c\u0131 olmas\u0131 gerekti\u011fini s\u00f6yledi. Erdo\u011fan, &#8220;\u015euras\u0131 bir ger\u00e7ek ki art\u0131k ne b\u00f6lgemiz ne de d\u00fcnya eskiye d\u00f6nebilir. T\u00fcrkiye, son y\u0131llar\u0131n en b\u00fcy\u00fck g\u00fcvenlik krizini ba\u015far\u0131yla y\u00fcr\u00fcterek b\u00f6lgesinin istikrar adas\u0131 oldu\u011funu bir kez daha teyit ve tescil etmi\u015ftir&#8221; dedi.<\/p>","protected":false},"excerpt":{"rendered":"<p>Cumhurba\u015fkan\u0131 Erdo\u011fan, \u00e7at\u0131\u015fmalar\u0131n d\u00fcnya ekonomisini sarst\u0131\u011f\u0131n\u0131 ifade ederek \u0130ran ve ABD aras\u0131ndaki ate\u015fkesin kal\u0131c\u0131 olmas\u0131 gerekti\u011fini s\u00f6yledi. Erdo\u011fan, &#8220;\u015euras\u0131 bir ger\u00e7ek ki art\u0131k ne b\u00f6lgemiz ne de d\u00fcnya eskiye d\u00f6nebilir. T\u00fcrkiye, son y\u0131llar\u0131n en b\u00fcy\u00fck g\u00fcvenlik krizini ba\u015far\u0131yla y\u00fcr\u00fcterek b\u00f6lgesinin istikrar adas\u0131 oldu\u011funu bir kez daha teyit ve tescil etmi\u015ftir&#8221; dedi.<\/p>\n","protected":false},"author":1,"featured_media":20729,"comment_status":"open","ping_status":"open","sticky":false,"template":"","format":"standard","meta":{"footnotes":""},"categories":[1],"tags":[],"class_list":["post-20728","post","type-post","status-publish","format-standard","has-post-thumbnail","hentry","category-blog"],"yoast_head":"<!-- This site is optimized with the Yoast SEO plugin v26.8 - https:\/\/yoast.com\/product\/yoast-seo-wordpress\/ -->\n<title>Cumhurba\u015fkan\u0131 Erdo\u011fan: Art\u0131k ne b\u00f6lgemiz ne de d\u00fcnya eskiye d\u00f6nebilir - Y&uuml;ksek G&uuml;mr&uuml;k M&uuml;\u015favirli\u011fi<\/title>\n<meta name=\"robots\" content=\"index, follow, max-snippet:-1, max-image-preview:large, max-video-preview:-1\" \/>\n<link rel=\"canonical\" href=\"http:\/\/yuksekgumruk.com.tr\/index.php\/2026\/04\/24\/cumhurbaskani-erdogan-artik-ne-bolgemiz-ne-de-dunya-eskiye-donebilir\/\" \/>\n<meta property=\"og:locale\" content=\"tr_TR\" \/>\n<meta property=\"og:type\" content=\"article\" \/>\n<meta property=\"og:title\" content=\"Cumhurba\u015fkan\u0131 Erdo\u011fan: Art\u0131k ne b\u00f6lgemiz ne de d\u00fcnya eskiye d\u00f6nebilir - Y&uuml;ksek G&uuml;mr&uuml;k M&uuml;\u015favirli\u011fi\" \/>\n<meta property=\"og:description\" content=\"Cumhurba\u015fkan\u0131 Erdo\u011fan, \u00e7at\u0131\u015fmalar\u0131n d\u00fcnya ekonomisini sarst\u0131\u011f\u0131n\u0131 ifade ederek \u0130ran ve ABD aras\u0131ndaki ate\u015fkesin kal\u0131c\u0131 olmas\u0131 gerekti\u011fini s\u00f6yledi. Erdo\u011fan, &#8220;\u015euras\u0131 bir ger\u00e7ek ki art\u0131k ne b\u00f6lgemiz ne de d\u00fcnya eskiye d\u00f6nebilir. T\u00fcrkiye, son y\u0131llar\u0131n en b\u00fcy\u00fck g\u00fcvenlik krizini ba\u015far\u0131yla y\u00fcr\u00fcterek b\u00f6lgesinin istikrar adas\u0131 oldu\u011funu bir kez daha teyit ve tescil etmi\u015ftir&#8221; dedi.\" \/>\n<meta property=\"og:url\" content=\"http:\/\/yuksekgumruk.com.tr\/index.php\/2026\/04\/24\/cumhurbaskani-erdogan-artik-ne-bolgemiz-ne-de-dunya-eskiye-donebilir\/\" \/>\n<meta property=\"og:site_name\" content=\"Y&uuml;ksek G&uuml;mr&uuml;k M&uuml;\u015favirli\u011fi\" \/>\n<meta property=\"article:publisher\" content=\"https:\/\/www.facebook.com\/profile.php?id=100002531670308\" \/>\n<meta property=\"article:published_time\" content=\"2026-04-24T13:55:00+00:00\" \/>\n<meta property=\"og:image\" content=\"https:\/\/yuksekgumruk.com.tr\/wp-content\/uploads\/2024\/03\/gallery00013-1.jpeg\" \/>\n\t<meta property=\"og:image:width\" content=\"1280\" \/>\n\t<meta property=\"og:image:height\" content=\"830\" \/>\n\t<meta property=\"og:image:type\" content=\"image\/jpeg\" \/>\n<meta name=\"author\" content=\"admin\" \/>\n<meta name=\"twitter:card\" content=\"summary_large_image\" \/>\n<meta name=\"twitter:label1\" content=\"Yazan:\" \/>\n\t<meta name=\"twitter:data1\" content=\"admin\" \/>\n<script type=\"application\/ld+json\" class=\"yoast-schema-graph\">{\"@context\":\"https:\/\/schema.org\",\"@graph\":[{\"@type\":\"Article\",\"@id\":\"http:\/\/yuksekgumruk.com.tr\/index.php\/2026\/04\/24\/cumhurbaskani-erdogan-artik-ne-bolgemiz-ne-de-dunya-eskiye-donebilir\/#article\",\"isPartOf\":{\"@id\":\"http:\/\/yuksekgumruk.com.tr\/index.php\/2026\/04\/24\/cumhurbaskani-erdogan-artik-ne-bolgemiz-ne-de-dunya-eskiye-donebilir\/\"},\"author\":{\"name\":\"admin\",\"@id\":\"http:\/\/yuksekgumruk.com.tr\/#\/schema\/person\/9fef30279e12fc830162c563b80c603f\"},\"headline\":\"Cumhurba\u015fkan\u0131 Erdo\u011fan: Art\u0131k ne b\u00f6lgemiz ne de d\u00fcnya eskiye d\u00f6nebilir\",\"datePublished\":\"2026-04-24T13:55:00+00:00\",\"mainEntityOfPage\":{\"@id\":\"http:\/\/yuksekgumruk.com.tr\/index.php\/2026\/04\/24\/cumhurbaskani-erdogan-artik-ne-bolgemiz-ne-de-dunya-eskiye-donebilir\/\"},\"wordCount\":97,\"commentCount\":0,\"publisher\":{\"@id\":\"http:\/\/yuksekgumruk.com.tr\/#organization\"},\"image\":{\"@id\":\"http:\/\/yuksekgumruk.com.tr\/index.php\/2026\/04\/24\/cumhurbaskani-erdogan-artik-ne-bolgemiz-ne-de-dunya-eskiye-donebilir\/#primaryimage\"},\"thumbnailUrl\":\"https:\/\/yuksekgumruk.com.tr\/wp-content\/uploads\/2026\/04\/cumhurbaskani-erdogan-artik-ne-bolgemiz-ne-de-dunya-eskiye-donebilir-z8tk-a9ebDr.jpeg\",\"articleSection\":[\"Blog\"],\"inLanguage\":\"tr\",\"potentialAction\":[{\"@type\":\"CommentAction\",\"name\":\"Comment\",\"target\":[\"http:\/\/yuksekgumruk.com.tr\/index.php\/2026\/04\/24\/cumhurbaskani-erdogan-artik-ne-bolgemiz-ne-de-dunya-eskiye-donebilir\/#respond\"]}]},{\"@type\":\"WebPage\",\"@id\":\"http:\/\/yuksekgumruk.com.tr\/index.php\/2026\/04\/24\/cumhurbaskani-erdogan-artik-ne-bolgemiz-ne-de-dunya-eskiye-donebilir\/\",\"url\":\"http:\/\/yuksekgumruk.com.tr\/index.php\/2026\/04\/24\/cumhurbaskani-erdogan-artik-ne-bolgemiz-ne-de-dunya-eskiye-donebilir\/\",\"name\":\"Cumhurba\u015fkan\u0131 Erdo\u011fan: Art\u0131k ne b\u00f6lgemiz ne de d\u00fcnya eskiye d\u00f6nebilir - Y&uuml;ksek G&uuml;mr&uuml;k M&uuml;\u015favirli\u011fi\",\"isPartOf\":{\"@id\":\"http:\/\/yuksekgumruk.com.tr\/#website\"},\"primaryImageOfPage\":{\"@id\":\"http:\/\/yuksekgumruk.com.tr\/index.php\/2026\/04\/24\/cumhurbaskani-erdogan-artik-ne-bolgemiz-ne-de-dunya-eskiye-donebilir\/#primaryimage\"},\"image\":{\"@id\":\"http:\/\/yuksekgumruk.com.tr\/index.php\/2026\/04\/24\/cumhurbaskani-erdogan-artik-ne-bolgemiz-ne-de-dunya-eskiye-donebilir\/#primaryimage\"},\"thumbnailUrl\":\"https:\/\/yuksekgumruk.com.tr\/wp-content\/uploads\/2026\/04\/cumhurbaskani-erdogan-artik-ne-bolgemiz-ne-de-dunya-eskiye-donebilir-z8tk-a9ebDr.jpeg\",\"datePublished\":\"2026-04-24T13:55:00+00:00\",\"breadcrumb\":{\"@id\":\"http:\/\/yuksekgumruk.com.tr\/index.php\/2026\/04\/24\/cumhurbaskani-erdogan-artik-ne-bolgemiz-ne-de-dunya-eskiye-donebilir\/#breadcrumb\"},\"inLanguage\":\"tr\",\"potentialAction\":[{\"@type\":\"ReadAction\",\"target\":[\"http:\/\/yuksekgumruk.com.tr\/index.php\/2026\/04\/24\/cumhurbaskani-erdogan-artik-ne-bolgemiz-ne-de-dunya-eskiye-donebilir\/\"]}]},{\"@type\":\"ImageObject\",\"inLanguage\":\"tr\",\"@id\":\"http:\/\/yuksekgumruk.com.tr\/index.php\/2026\/04\/24\/cumhurbaskani-erdogan-artik-ne-bolgemiz-ne-de-dunya-eskiye-donebilir\/#primaryimage\",\"url\":\"https:\/\/yuksekgumruk.com.tr\/wp-content\/uploads\/2026\/04\/cumhurbaskani-erdogan-artik-ne-bolgemiz-ne-de-dunya-eskiye-donebilir-z8tk-a9ebDr.jpeg\",\"contentUrl\":\"https:\/\/yuksekgumruk.com.tr\/wp-content\/uploads\/2026\/04\/cumhurbaskani-erdogan-artik-ne-bolgemiz-ne-de-dunya-eskiye-donebilir-z8tk-a9ebDr.jpeg\",\"width\":1600,\"height\":900},{\"@type\":\"BreadcrumbList\",\"@id\":\"http:\/\/yuksekgumruk.com.tr\/index.php\/2026\/04\/24\/cumhurbaskani-erdogan-artik-ne-bolgemiz-ne-de-dunya-eskiye-donebilir\/#breadcrumb\",\"itemListElement\":[{\"@type\":\"ListItem\",\"position\":1,\"name\":\"Anasayfa\",\"item\":\"http:\/\/yuksekgumruk.com.tr\/\"},{\"@type\":\"ListItem\",\"position\":2,\"name\":\"Cumhurba\u015fkan\u0131 Erdo\u011fan: Art\u0131k ne b\u00f6lgemiz ne de d\u00fcnya eskiye d\u00f6nebilir\"}]},{\"@type\":\"WebSite\",\"@id\":\"http:\/\/yuksekgumruk.com.tr\/#website\",\"url\":\"http:\/\/yuksekgumruk.com.tr\/\",\"name\":\"https:\/\/yuksekgumruk.com.tr\",\"description\":\"G&uuml;mr&uuml;k i\u015flemlerinde h\u0131zl\u0131, g&uuml;venilir ve profesyonel &ccedil;&ouml;z&uuml;m!\",\"publisher\":{\"@id\":\"http:\/\/yuksekgumruk.com.tr\/#organization\"},\"potentialAction\":[{\"@type\":\"SearchAction\",\"target\":{\"@type\":\"EntryPoint\",\"urlTemplate\":\"http:\/\/yuksekgumruk.com.tr\/?s={search_term_string}\"},\"query-input\":{\"@type\":\"PropertyValueSpecification\",\"valueRequired\":true,\"valueName\":\"search_term_string\"}}],\"inLanguage\":\"tr\"},{\"@type\":\"Organization\",\"@id\":\"http:\/\/yuksekgumruk.com.tr\/#organization\",\"name\":\"Y\u00fcksek G\u00fcmr\u00fck M\u00fc\u015favirli\u011fi\",\"url\":\"http:\/\/yuksekgumruk.com.tr\/\",\"logo\":{\"@type\":\"ImageObject\",\"inLanguage\":\"tr\",\"@id\":\"http:\/\/yuksekgumruk.com.tr\/#\/schema\/logo\/image\/\",\"url\":\"http:\/\/yuksekgumruk.com.tr\/wp-content\/uploads\/2024\/11\/Yuksek-Gumruk-Musavirligi111.pdf-2.png\",\"contentUrl\":\"http:\/\/yuksekgumruk.com.tr\/wp-content\/uploads\/2024\/11\/Yuksek-Gumruk-Musavirligi111.pdf-2.png\",\"width\":1080,\"height\":1080,\"caption\":\"Y\u00fcksek G\u00fcmr\u00fck M\u00fc\u015favirli\u011fi\"},\"image\":{\"@id\":\"http:\/\/yuksekgumruk.com.tr\/#\/schema\/logo\/image\/\"},\"sameAs\":[\"https:\/\/www.facebook.com\/profile.php?id=100002531670308\",\"https:\/\/www.instagram.com\/yuksekgumruk\/\"]},{\"@type\":\"Person\",\"@id\":\"http:\/\/yuksekgumruk.com.tr\/#\/schema\/person\/9fef30279e12fc830162c563b80c603f\",\"name\":\"admin\",\"image\":{\"@type\":\"ImageObject\",\"inLanguage\":\"tr\",\"@id\":\"http:\/\/yuksekgumruk.com.tr\/#\/schema\/person\/image\/\",\"url\":\"https:\/\/secure.gravatar.com\/avatar\/1aac46cfedc3bc1a4fabd6f580fc02d5?s=96&d=mm&r=g\",\"contentUrl\":\"https:\/\/secure.gravatar.com\/avatar\/1aac46cfedc3bc1a4fabd6f580fc02d5?s=96&d=mm&r=g\",\"caption\":\"admin\"},\"sameAs\":[\"http:\/\/yuksekgumruk.com.tr\"],\"url\":\"https:\/\/yuksekgumruk.com.tr\/index.php\/author\/admin\/\"}]}<\/script>\n<!-- \/ Yoast SEO plugin. -->","yoast_head_json":{"title":"Cumhurba\u015fkan\u0131 Erdo\u011fan: Art\u0131k ne b\u00f6lgemiz ne de d\u00fcnya eskiye d\u00f6nebilir - Y&uuml;ksek G&uuml;mr&uuml;k M&uuml;\u015favirli\u011fi","robots":{"index":"index","follow":"follow","max-snippet":"max-snippet:-1","max-image-preview":"max-image-preview:large","max-video-preview":"max-video-preview:-1"},"canonical":"http:\/\/yuksekgumruk.com.tr\/index.php\/2026\/04\/24\/cumhurbaskani-erdogan-artik-ne-bolgemiz-ne-de-dunya-eskiye-donebilir\/","og_locale":"tr_TR","og_type":"article","og_title":"Cumhurba\u015fkan\u0131 Erdo\u011fan: Art\u0131k ne b\u00f6lgemiz ne de d\u00fcnya eskiye d\u00f6nebilir - Y&uuml;ksek G&uuml;mr&uuml;k M&uuml;\u015favirli\u011fi","og_description":"Cumhurba\u015fkan\u0131 Erdo\u011fan, \u00e7at\u0131\u015fmalar\u0131n d\u00fcnya ekonomisini sarst\u0131\u011f\u0131n\u0131 ifade ederek \u0130ran ve ABD aras\u0131ndaki ate\u015fkesin kal\u0131c\u0131 olmas\u0131 gerekti\u011fini s\u00f6yledi. Erdo\u011fan, &#8220;\u015euras\u0131 bir ger\u00e7ek ki art\u0131k ne b\u00f6lgemiz ne de d\u00fcnya eskiye d\u00f6nebilir. T\u00fcrkiye, son y\u0131llar\u0131n en b\u00fcy\u00fck g\u00fcvenlik krizini ba\u015far\u0131yla y\u00fcr\u00fcterek b\u00f6lgesinin istikrar adas\u0131 oldu\u011funu bir kez daha teyit ve tescil etmi\u015ftir&#8221; dedi.","og_url":"http:\/\/yuksekgumruk.com.tr\/index.php\/2026\/04\/24\/cumhurbaskani-erdogan-artik-ne-bolgemiz-ne-de-dunya-eskiye-donebilir\/","og_site_name":"Y&uuml;ksek G&uuml;mr&uuml;k M&uuml;\u015favirli\u011fi","article_publisher":"https:\/\/www.facebook.com\/profile.php?id=100002531670308","article_published_time":"2026-04-24T13:55:00+00:00","og_image":[{"width":1280,"height":830,"url":"https:\/\/yuksekgumruk.com.tr\/wp-content\/uploads\/2024\/03\/gallery00013-1.jpeg","type":"image\/jpeg"}],"author":"admin","twitter_card":"summary_large_image","twitter_misc":{"Yazan:":"admin"},"schema":{"@context":"https:\/\/schema.org","@graph":[{"@type":"Article","@id":"http:\/\/yuksekgumruk.com.tr\/index.php\/2026\/04\/24\/cumhurbaskani-erdogan-artik-ne-bolgemiz-ne-de-dunya-eskiye-donebilir\/#article","isPartOf":{"@id":"http:\/\/yuksekgumruk.com.tr\/index.php\/2026\/04\/24\/cumhurbaskani-erdogan-artik-ne-bolgemiz-ne-de-dunya-eskiye-donebilir\/"},"author":{"name":"admin","@id":"http:\/\/yuksekgumruk.com.tr\/#\/schema\/person\/9fef30279e12fc830162c563b80c603f"},"headline":"Cumhurba\u015fkan\u0131 Erdo\u011fan: Art\u0131k ne b\u00f6lgemiz ne de d\u00fcnya eskiye d\u00f6nebilir","datePublished":"2026-04-24T13:55:00+00:00","mainEntityOfPage":{"@id":"http:\/\/yuksekgumruk.com.tr\/index.php\/2026\/04\/24\/cumhurbaskani-erdogan-artik-ne-bolgemiz-ne-de-dunya-eskiye-donebilir\/"},"wordCount":97,"commentCount":0,"publisher":{"@id":"http:\/\/yuksekgumruk.com.tr\/#organization"},"image":{"@id":"http:\/\/yuksekgumruk.com.tr\/index.php\/2026\/04\/24\/cumhurbaskani-erdogan-artik-ne-bolgemiz-ne-de-dunya-eskiye-donebilir\/#primaryimage"},"thumbnailUrl":"https:\/\/yuksekgumruk.com.tr\/wp-content\/uploads\/2026\/04\/cumhurbaskani-erdogan-artik-ne-bolgemiz-ne-de-dunya-eskiye-donebilir-z8tk-a9ebDr.jpeg","articleSection":["Blog"],"inLanguage":"tr","potentialAction":[{"@type":"CommentAction","name":"Comment","target":["http:\/\/yuksekgumruk.com.tr\/index.php\/2026\/04\/24\/cumhurbaskani-erdogan-artik-ne-bolgemiz-ne-de-dunya-eskiye-donebilir\/#respond"]}]},{"@type":"WebPage","@id":"http:\/\/yuksekgumruk.com.tr\/index.php\/2026\/04\/24\/cumhurbaskani-erdogan-artik-ne-bolgemiz-ne-de-dunya-eskiye-donebilir\/","url":"http:\/\/yuksekgumruk.com.tr\/index.php\/2026\/04\/24\/cumhurbaskani-erdogan-artik-ne-bolgemiz-ne-de-dunya-eskiye-donebilir\/","name":"Cumhurba\u015fkan\u0131 Erdo\u011fan: Art\u0131k ne b\u00f6lgemiz ne de d\u00fcnya eskiye d\u00f6nebilir - Y&uuml;ksek G&uuml;mr&uuml;k M&uuml;\u015favirli\u011fi","isPartOf":{"@id":"http:\/\/yuksekgumruk.com.tr\/#website"},"primaryImageOfPage":{"@id":"http:\/\/yuksekgumruk.com.tr\/index.php\/2026\/04\/24\/cumhurbaskani-erdogan-artik-ne-bolgemiz-ne-de-dunya-eskiye-donebilir\/#primaryimage"},"image":{"@id":"http:\/\/yuksekgumruk.com.tr\/index.php\/2026\/04\/24\/cumhurbaskani-erdogan-artik-ne-bolgemiz-ne-de-dunya-eskiye-donebilir\/#primaryimage"},"thumbnailUrl":"https:\/\/yuksekgumruk.com.tr\/wp-content\/uploads\/2026\/04\/cumhurbaskani-erdogan-artik-ne-bolgemiz-ne-de-dunya-eskiye-donebilir-z8tk-a9ebDr.jpeg","datePublished":"2026-04-24T13:55:00+00:00","breadcrumb":{"@id":"http:\/\/yuksekgumruk.com.tr\/index.php\/2026\/04\/24\/cumhurbaskani-erdogan-artik-ne-bolgemiz-ne-de-dunya-eskiye-donebilir\/#breadcrumb"},"inLanguage":"tr","potentialAction":[{"@type":"ReadAction","target":["http:\/\/yuksekgumruk.com.tr\/index.php\/2026\/04\/24\/cumhurbaskani-erdogan-artik-ne-bolgemiz-ne-de-dunya-eskiye-donebilir\/"]}]},{"@type":"ImageObject","inLanguage":"tr","@id":"http:\/\/yuksekgumruk.com.tr\/index.php\/2026\/04\/24\/cumhurbaskani-erdogan-artik-ne-bolgemiz-ne-de-dunya-eskiye-donebilir\/#primaryimage","url":"https:\/\/yuksekgumruk.com.tr\/wp-content\/uploads\/2026\/04\/cumhurbaskani-erdogan-artik-ne-bolgemiz-ne-de-dunya-eskiye-donebilir-z8tk-a9ebDr.jpeg","contentUrl":"https:\/\/yuksekgumruk.com.tr\/wp-content\/uploads\/2026\/04\/cumhurbaskani-erdogan-artik-ne-bolgemiz-ne-de-dunya-eskiye-donebilir-z8tk-a9ebDr.jpeg","width":1600,"height":900},{"@type":"BreadcrumbList","@id":"http:\/\/yuksekgumruk.com.tr\/index.php\/2026\/04\/24\/cumhurbaskani-erdogan-artik-ne-bolgemiz-ne-de-dunya-eskiye-donebilir\/#breadcrumb","itemListElement":[{"@type":"ListItem","position":1,"name":"Anasayfa","item":"http:\/\/yuksekgumruk.com.tr\/"},{"@type":"ListItem","position":2,"name":"Cumhurba\u015fkan\u0131 Erdo\u011fan: Art\u0131k ne b\u00f6lgemiz ne de d\u00fcnya eskiye d\u00f6nebilir"}]},{"@type":"WebSite","@id":"http:\/\/yuksekgumruk.com.tr\/#website","url":"http:\/\/yuksekgumruk.com.tr\/","name":"https:\/\/yuksekgumruk.com.tr","description":"G&uuml;mr&uuml;k i\u015flemlerinde h\u0131zl\u0131, g&uuml;venilir ve profesyonel &ccedil;&ouml;z&uuml;m!","publisher":{"@id":"http:\/\/yuksekgumruk.com.tr\/#organization"},"potentialAction":[{"@type":"SearchAction","target":{"@type":"EntryPoint","urlTemplate":"http:\/\/yuksekgumruk.com.tr\/?s={search_term_string}"},"query-input":{"@type":"PropertyValueSpecification","valueRequired":true,"valueName":"search_term_string"}}],"inLanguage":"tr"},{"@type":"Organization","@id":"http:\/\/yuksekgumruk.com.tr\/#organization","name":"Y\u00fcksek G\u00fcmr\u00fck M\u00fc\u015favirli\u011fi","url":"http:\/\/yuksekgumruk.com.tr\/","logo":{"@type":"ImageObject","inLanguage":"tr","@id":"http:\/\/yuksekgumruk.com.tr\/#\/schema\/logo\/image\/","url":"http:\/\/yuksekgumruk.com.tr\/wp-content\/uploads\/2024\/11\/Yuksek-Gumruk-Musavirligi111.pdf-2.png","contentUrl":"http:\/\/yuksekgumruk.com.tr\/wp-content\/uploads\/2024\/11\/Yuksek-Gumruk-Musavirligi111.pdf-2.png","width":1080,"height":1080,"caption":"Y\u00fcksek G\u00fcmr\u00fck M\u00fc\u015favirli\u011fi"},"image":{"@id":"http:\/\/yuksekgumruk.com.tr\/#\/schema\/logo\/image\/"},"sameAs":["https:\/\/www.facebook.com\/profile.php?id=100002531670308","https:\/\/www.instagram.com\/yuksekgumruk\/"]},{"@type":"Person","@id":"http:\/\/yuksekgumruk.com.tr\/#\/schema\/person\/9fef30279e12fc830162c563b80c603f","name":"admin","image":{"@type":"ImageObject","inLanguage":"tr","@id":"http:\/\/yuksekgumruk.com.tr\/#\/schema\/person\/image\/","url":"https:\/\/secure.gravatar.com\/avatar\/1aac46cfedc3bc1a4fabd6f580fc02d5?s=96&d=mm&r=g","contentUrl":"https:\/\/secure.gravatar.com\/avatar\/1aac46cfedc3bc1a4fabd6f580fc02d5?s=96&d=mm&r=g","caption":"admin"},"sameAs":["http:\/\/yuksekgumruk.com.tr"],"url":"https:\/\/yuksekgumruk.com.tr\/index.php\/author\/admin\/"}]}},"_links":{"self":[{"href":"https:\/\/yuksekgumruk.com.tr\/index.php\/wp-json\/wp\/v2\/posts\/20728","targetHints":{"allow":["GET"]}}],"collection":[{"href":"https:\/\/yuksekgumruk.com.tr\/index.php\/wp-json\/wp\/v2\/posts"}],"about":[{"href":"https:\/\/yuksekgumruk.com.tr\/index.php\/wp-json\/wp\/v2\/types\/post"}],"author":[{"embeddable":true,"href":"https:\/\/yuksekgumruk.com.tr\/index.php\/wp-json\/wp\/v2\/users\/1"}],"replies":[{"embeddable":true,"href":"https:\/\/yuksekgumruk.com.tr\/index.php\/wp-json\/wp\/v2\/comments?post=20728"}],"version-history":[{"count":0,"href":"https:\/\/yuksekgumruk.com.tr\/index.php\/wp-json\/wp\/v2\/posts\/20728\/revisions"}],"wp:featuredmedia":[{"embeddable":true,"href":"https:\/\/yuksekgumruk.com.tr\/index.php\/wp-json\/wp\/v2\/media\/20729"}],"wp:attachment":[{"href":"https:\/\/yuksekgumruk.com.tr\/index.php\/wp-json\/wp\/v2\/media?parent=20728"}],"wp:term":[{"taxonomy":"category","embeddable":true,"href":"https:\/\/yuksekgumruk.com.tr\/index.php\/wp-json\/wp\/v2\/categories?post=20728"},{"taxonomy":"post_tag","embeddable":true,"href":"https:\/\/yuksekgumruk.com.tr\/index.php\/wp-json\/wp\/v2\/tags?post=20728"}],"curies":[{"name":"wp","href":"https:\/\/api.w.org\/{rel}","templated":true}]}}